{"@context":{"dc":"http:\/\/purl.org\/dc\/elements\/1.1\/","skos":"http:\/\/www.w3.org\/2004\/02\/skos\/core#","skos:broader":{"@type":"@id"},"skos:inScheme":{"@type":"@id"},"skos:related":{"@type":"@id"},"skos:narrower":{"@type":"@id"},"skos:hasTopConcept":{"@type":"@id"},"skos:topConceptOf":{"@type":"@id"}},"@id":"https:\/\/r020.com.ar\/tematres\/demo\/skos\/28774","@type":"skos:Concept","skos:prefLabel":{"@language":"es","@value=":"Terres de l&apos;Ebre"},"skos:inScheme":"https:\/\/r020.com.ar\/tematres\/demo\/","dct:created":"2019-11-24 05:02:36","skos:scopeNote":[{"@lang":"ca","@value":"Terme emprat per designar l'\u00e0mbit geogr\u00e0fic de les 4 comarques m\u00e9s meridionals de Catalunya: el\u00a0Baix Ebre, el\u00a0Montsi\u00e0, la\u00a0Terra Alta\u00a0i la\u00a0Ribera d'Ebre.\u00a0 "}],"skos:narrower":["https:\/\/r020.com.ar\/tematres\/demo\/skos\/28775","https:\/\/r020.com.ar\/tematres\/demo\/skos\/28776","https:\/\/r020.com.ar\/tematres\/demo\/skos\/28778","https:\/\/r020.com.ar\/tematres\/demo\/skos\/28777"]}