{"@context":{"dc":"http:\/\/purl.org\/dc\/elements\/1.1\/","skos":"http:\/\/www.w3.org\/2004\/02\/skos\/core#","skos:broader":{"@type":"@id"},"skos:inScheme":{"@type":"@id"},"skos:related":{"@type":"@id"},"skos:narrower":{"@type":"@id"},"skos:hasTopConcept":{"@type":"@id"},"skos:topConceptOf":{"@type":"@id"}},"@id":"https:\/\/r020.com.ar\/tematres\/demo\/skos\/1934","@type":"skos:Concept","skos:prefLabel":{"@language":"es","@value=":"Refresco"},"skos:inScheme":"https:\/\/r020.com.ar\/tematres\/demo\/","dct:created":"2008-04-04 12:50:10","skos:scopeNote":[{"@lang":"","@value":"Refresco ou bebida de fruta ou de vegetal \u00e9 a bebida n\u00e3o gaseificada, n\u00e3o fermentada, obtida pela dilui\u00e7\u00e3o, em \u00e1gua pot\u00e1vel, do suco de fruta, polpa ou extrato vegetal de sua origem, com ou sem a\u00e7\u00facar. Os refrescos de laranja ou laranjada, de tangerina e de uva dever\u00e3o conter no m\u00ednimo 30% em volume de suco natural. O refresco de lim\u00e3o ou limonada dever\u00e1 conter no m\u00ednimo 5% volume de suco de lim\u00e3o. O refresco de maracuj\u00e1 dever\u00e1 conter no m\u00ednimo 6% em volume de suco de maracuj\u00e1. O refresco de guaran\u00e1 dever\u00e1 conter no m\u00ednimo dois cent\u00e9simos por cento da semente de guaran\u00e1 (g\u00eanero \u201cPaullinia\u201d), ou seu equivalente em extrato, por cem mililitros de bebida. O refresco de ma\u00e7\u00e3 dever\u00e1 conter no m\u00ednimo 20% em volume de suco de ma\u00e7\u00e3. Refresco misto ou bebida mista de frutas ou de extratos vegetais \u00e9 a bebida obtida pela dilui\u00e7\u00e3o em \u00e1gua pot\u00e1vel da mistura de dois ou mais sucos de frutas ou de extratos vegetais, devendo o somat\u00f3rio do teor de sucos e extratos vegetais ser estabelecido em ato administrativo. N\u00e3o ser\u00e1 permitida a associa\u00e7\u00e3o de a\u00e7\u00facares e edulcorantes hipocal\u00f3ricos e n\u00e3o cal\u00f3ricos na fabricar\u00e3o de refresco ou bebida de fruta ou de extrato vegetal. O refresco ou a bebida de fruta sem a\u00e7\u00facar dever\u00e1 mencionar no r\u00f3tulo, em caracteres vis\u00edveis e leg\u00edveis, a express\u00e3o \"sem a\u00e7\u00facar\". "}],"skos:narrower":["https:\/\/r020.com.ar\/tematres\/demo\/skos\/1942","https:\/\/r020.com.ar\/tematres\/demo\/skos\/1941","https:\/\/r020.com.ar\/tematres\/demo\/skos\/1935","https:\/\/r020.com.ar\/tematres\/demo\/skos\/1938","https:\/\/r020.com.ar\/tematres\/demo\/skos\/1940","https:\/\/r020.com.ar\/tematres\/demo\/skos\/1939","https:\/\/r020.com.ar\/tematres\/demo\/skos\/1937","https:\/\/r020.com.ar\/tematres\/demo\/skos\/1936"]}