{"tema_id":"6295","string":"ORDENACI\u00d3N DEL TERRITORIO","created":"2014-11-03 20:30:58","code":null,"notes":[{"@type":"Nota de catalogaci\u00f3n","@lang":"es","@value":"Este t\u00e9rmino sera revisado por la profesora Irina "},{"@type":"Nota de catalogaci\u00f3n","@lang":"fr","@value":"AM\u00c9NAGEMENT DU TERRITOIRE "},{"@type":"Nota de catalogaci\u00f3n","@lang":"en","@value":"TERRITORIAL ARRANGEMENT "}]}